{"id":152,"date":"2026-08-04T13:34:23","date_gmt":"2026-08-04T10:34:23","guid":{"rendered":"https:\/\/blog.papagan.com\/tr\/yenilenmis-urun-almak-mantikli-mi\/"},"modified":"2026-08-04T13:34:23","modified_gmt":"2026-08-04T10:34:23","slug":"yenilenmis-urun-almak-mantikli-mi","status":"publish","type":"post","link":"https:\/\/blog.papagan.com\/tr\/yenilenmis-urun-almak-mantikli-mi\/","title":{"rendered":"Yenilenmi\u015f \u00dcr\u00fcn Almak Mant\u0131kl\u0131 m\u0131? 1 A\u011fustos 2026 Kurallar\u0131, Garanti ve Riskler"},"content":{"rendered":"<div class=\"ppgn-yu\">\n<p class=\"ppgn-yu-lead\">Ayn\u0131 telefon s\u0131f\u0131rken 40.000 TL, &#8220;yenilenmi\u015f&#8221; etiketiyle 26.000 TL. Aradaki fark ger\u00e7ek bir f\u0131rsat m\u0131, yoksa \u00fcst\u00fc \u00f6rt\u00fclm\u00fc\u015f bir ikinci el mi? Bu rehberde <strong>yenilenmi\u015f \u00fcr\u00fcn\u00fcn ikinci elden fark\u0131n\u0131<\/strong>, yasal olarak hangi g\u00fcvencelere sahip oldu\u011funuzu ve <strong>1 A\u011fustos 2026&#8217;da y\u00fcr\u00fcrl\u00fc\u011fe giren yeni kurallar\u0131n<\/strong> ne getirdi\u011fini anlat\u0131yoruz.<\/p>\n<p><strong>K\u0131sa cevap:<\/strong> Yenilenmi\u015f \u00fcr\u00fcn, ikinci el de\u011fildir. Bakanl\u0131k\u00e7a yetkilendirilmi\u015f bir yenileme merkezinde onar\u0131l\u0131p test edilen, <strong>1 y\u0131l garantili<\/strong>, holograml\u0131 sertifika ve karekodla sat\u0131lan \u00fcr\u00fcnd\u00fcr. Sertifikas\u0131 yoksa o \u00fcr\u00fcn yenilenmi\u015f de\u011fil, <strong>sadece kullan\u0131lm\u0131\u015f<\/strong> demektir \u2014 ve hi\u00e7bir yasal g\u00fcvencesi yoktur. 1 A\u011fustos 2026&#8217;dan itibaren <strong>televizyonlar da kapsama girdi<\/strong> ve art\u0131k <strong>ma\u011fazadan sat\u0131n al\u0131nan yenilenmi\u015f \u00fcr\u00fcnde de 14 g\u00fcn cayma hakk\u0131<\/strong> var.<\/p>\n<div class=\"ppgn-yu-nums\">\n<div class=\"ppgn-yu-num\"><b>1 y\u0131l<\/b><span>Zorunlu garanti<\/span><\/div>\n<div class=\"ppgn-yu-num\"><b>20 i\u015f g\u00fcn\u00fc<\/b><span>Onar\u0131m\/de\u011fi\u015fim s\u00fcresi<\/span><\/div>\n<div class=\"ppgn-yu-num\"><b>14 g\u00fcn<\/b><span>Cayma (art\u0131k ma\u011fazada da)<\/span><\/div>\n<div class=\"ppgn-yu-num\"><b>Karekod<\/b><span>Sertifika zorunlu<\/span><\/div>\n<\/div>\n<h2 id=\"nedir\">Yenilenmi\u015f \u00fcr\u00fcn nedir? \u0130kinci elden fark\u0131 ne?<\/h2>\n<p><strong>Bu ayr\u0131m rehberin en kritik k\u0131sm\u0131d\u0131r ve sat\u0131n alma karar\u0131n\u0131z\u0131 tek ba\u015f\u0131na belirler.<\/strong> Ticaret Bakanl\u0131\u011f\u0131&#8217;n\u0131n tan\u0131m\u0131na g\u00f6re yenilenmi\u015f \u00fcr\u00fcn, <strong>Bakanl\u0131k\u00e7a onayl\u0131 yenileme merkezleri taraf\u0131ndan yenilenerek sat\u0131\u015fa sunulan<\/strong> kullan\u0131lm\u0131\u015f \u00fcr\u00fcnd\u00fcr. Yani &#8220;biraz kullan\u0131lm\u0131\u015f&#8221; demek de\u011fildir; belirli bir i\u015flemden ge\u00e7mi\u015f ve sertifikaland\u0131r\u0131lm\u0131\u015f demektir.<\/p>\n<p>Yenileme merkezinin yapt\u0131\u011f\u0131 i\u015flem Bakanl\u0131k taraf\u0131ndan tan\u0131mlanm\u0131\u015ft\u0131r:<\/p>\n<div class=\"ppgn-yu-cards\">\n<div class=\"ppgn-yu-card\"><b>Onar\u0131m ve par\u00e7a de\u011fi\u015fimi<\/b><span>Gerekli onar\u0131mlar yap\u0131l\u0131r, ar\u0131zal\u0131 par\u00e7alar de\u011fi\u015ftirilir.<\/span><\/div>\n<div class=\"ppgn-yu-card\"><b>Ki\u015fisel verilerin silinmesi<\/b><span>\u00d6nceki kullan\u0131c\u0131n\u0131n verileri temizlenir.<\/span><\/div>\n<div class=\"ppgn-yu-card\"><b>Fabrika ayarlar\u0131na d\u00f6n\u00fc\u015f<\/b><span>Cihaz s\u0131f\u0131rlan\u0131r.<\/span><\/div>\n<div class=\"ppgn-yu-card\"><b>Performans ve fonksiyon testleri<\/b><span>\u00c7al\u0131\u015f\u0131rl\u0131\u011f\u0131 test edilerek sertifikaland\u0131r\u0131l\u0131r.<\/span><\/div>\n<\/div>\n<div class=\"ppgn-yu-tablewrap\">\n<table class=\"ppgn-yu-table\">\n<thead>\n<tr>\n<th><\/th>\n<th>S\u0131f\u0131r \u00fcr\u00fcn<\/th>\n<th>Yenilenmi\u015f \u00fcr\u00fcn<\/th>\n<th>\u0130kinci el<\/th>\n<\/tr>\n<\/thead>\n<tbody>\n<tr>\n<td><strong>Garanti<\/strong><\/td>\n<td class=\"ok\">Asgari 2 y\u0131l<\/td>\n<td class=\"ok\"><strong>1 y\u0131l<\/strong> (zorunlu)<\/td>\n<td class=\"no\">Yok<\/td>\n<\/tr>\n<tr>\n<td><strong>Sertifika<\/strong><\/td>\n<td>\u2014<\/td>\n<td class=\"ok\">Holograml\u0131 sertifika + karekod<\/td>\n<td class=\"no\">Yok<\/td>\n<\/tr>\n<tr>\n<td><strong>Test ve temizlik<\/strong><\/td>\n<td>\u2014<\/td>\n<td class=\"ok\">Yetkili merkezde zorunlu<\/td>\n<td class=\"no\">Sat\u0131c\u0131n\u0131n beyan\u0131<\/td>\n<\/tr>\n<tr>\n<td><strong>Cayma hakk\u0131<\/strong><\/td>\n<td>\u0130nternetten al\u0131mda 14 g\u00fcn<\/td>\n<td class=\"ok\">14 g\u00fcn \u2014 <strong>ma\u011fazadan al\u0131mda da<\/strong><\/td>\n<td class=\"mid\">Yaln\u0131zca mesafeli sat\u0131\u015fta<\/td>\n<\/tr>\n<tr>\n<td><strong>Fiyat<\/strong><\/td>\n<td>En y\u00fcksek<\/td>\n<td class=\"mid\">Arada<\/td>\n<td class=\"ok\">En d\u00fc\u015f\u00fck<\/td>\n<\/tr>\n<\/tbody>\n<\/table>\n<\/div>\n<div class=\"ppgn-yu-warn\">\n<strong>En s\u0131k d\u00fc\u015f\u00fclen tuzak:<\/strong> \u0130landa &#8220;yenilenmi\u015f&#8221;, &#8220;refurbished&#8221; veya &#8220;yenilenmi\u015f gibi&#8221; yazmas\u0131, \u00fcr\u00fcn\u00fcn yasal anlamda yenilenmi\u015f oldu\u011funu g\u00f6stermez. Belirleyici olan <strong>holograml\u0131 sertifika ve karekoddur<\/strong>. Sertifika yoksa elinizdeki \u00fcr\u00fcn hukuken <strong>ikinci el<\/strong>dir: 1 y\u0131ll\u0131k garanti yoktur, yenileme merkezi g\u00fcvencesi yoktur, testten ge\u00e7ti\u011finin kan\u0131t\u0131 yoktur.\n<\/div>\n<h2 id=\"degisiklik\">1 A\u011fustos 2026&#8217;da ne de\u011fi\u015fti?<\/h2>\n<p>Yenilenmi\u015f \u00dcr\u00fcnlerin Sat\u0131\u015f\u0131 Hakk\u0131nda Y\u00f6netmelik&#8217;te yap\u0131lan ve <strong>27 Haziran 2026 tarihli Resm\u00ee Gazete&#8217;de yay\u0131mlanan de\u011fi\u015fiklik, 1 A\u011fustos 2026 itibar\u0131yla y\u00fcr\u00fcrl\u00fc\u011fe girdi.<\/strong> T\u00fcketiciyi do\u011frudan ilgilendiren d\u00f6rt ba\u015fl\u0131k var:<\/p>\n<div class=\"ppgn-yu-steps\">\n<div class=\"ppgn-yu-step\">\n<div class=\"ppgn-yu-n\">1<\/div>\n<div><strong>Televizyonlar kapsama girdi<\/strong><\/p>\n<p>\u00d6nceki d\u00fczenlemede cep telefonu, tablet, ak\u0131ll\u0131 saat, oyun konsolu ve modem yer al\u0131yordu; yeni y\u00f6netmelikle <strong>televizyonlar da eklendi<\/strong>. Yani yenilenmi\u015f televizyon art\u0131k sertifika ve garanti g\u00fcvencesiyle sat\u0131l\u0131yor.<\/p>\n<\/div>\n<\/div>\n<div class=\"ppgn-yu-step\">\n<div class=\"ppgn-yu-n\">2<\/div>\n<div><strong>Ma\u011fazadan al\u0131mda da 14 g\u00fcn cayma hakk\u0131<\/strong><\/p>\n<p>Bu, t\u00fcketici hukukunda dikkat \u00e7ekici bir istisnad\u0131r. Kural olarak cayma hakk\u0131 yaln\u0131zca mesafeli sat\u0131\u015flara \u00f6zg\u00fcd\u00fcr; ma\u011fazadan y\u00fcz y\u00fcze ald\u0131\u011f\u0131n\u0131z sa\u011flam bir \u00fcr\u00fcn\u00fc iade etme hakk\u0131n\u0131z kanundan do\u011fmaz. Yeni d\u00fczenlemeyle yenilenmi\u015f \u00fcr\u00fcnde <strong>fiziki ma\u011fazadan al\u0131mda da 14 g\u00fcn i\u00e7inde gerek\u00e7esiz cayma hakk\u0131<\/strong> tan\u0131nd\u0131.<\/p>\n<\/div>\n<\/div>\n<div class=\"ppgn-yu-step\">\n<div class=\"ppgn-yu-n\">3<\/div>\n<div><strong>Y\u00dcB\u0130S: her cihaza dijital sicil<\/strong><\/p>\n<p>Yenilenmi\u015f \u00dcr\u00fcn Bilgi Sistemi ile her cihaz\u0131n dijital kayd\u0131 olu\u015fturuluyor. T\u00fcketiciler <strong>de\u011fi\u015ftirilen par\u00e7alar\u0131, yap\u0131lan i\u015flemleri, \u00fcr\u00fcn sertifikalar\u0131n\u0131<\/strong> ve <strong>kay\u0131p\/\u00e7al\u0131nt\u0131 sorgusunu<\/strong> g\u00f6rebiliyor.<\/p>\n<\/div>\n<\/div>\n<div class=\"ppgn-yu-step\">\n<div class=\"ppgn-yu-n\">4<\/div>\n<div><strong>Yenileme merkezlerine daha s\u0131k\u0131 \u015fartlar<\/strong><\/p>\n<p>Asgari sermaye \u015fart\u0131 <strong>30 milyon TL&#8217;den 100 milyon TL&#8217;ye<\/strong> y\u00fckseltildi. Mevzuata ayk\u0131r\u0131 davranan merkezlerin yetki belgeleri ask\u0131ya al\u0131nabiliyor veya iptal edilebiliyor; belgesi iptal edilen merkeze <strong>1 y\u0131l boyunca yeni belge verilmiyor<\/strong>.<\/p>\n<\/div>\n<\/div>\n<\/div>\n<p>\u00dc\u00e7\u00fcnc\u00fc madde al\u0131c\u0131 a\u00e7\u0131s\u0131ndan en de\u011ferlisidir: <strong>\u00e7al\u0131nt\u0131 cihaz riski<\/strong> bu pazar\u0131n en b\u00fcy\u00fck endi\u015fesiydi ve art\u0131k sorgulanabilir h\u00e2le geldi. Par\u00e7a ge\u00e7mi\u015fini g\u00f6rebilmek de &#8220;hangi par\u00e7as\u0131 de\u011fi\u015fmi\u015f?&#8221; sorusunu sat\u0131c\u0131n\u0131n beyan\u0131ndan \u00e7\u0131kar\u0131p kayda ba\u011fl\u0131yor.<\/p>\n<h2>Hangi \u00fcr\u00fcnler yenilenmi\u015f olarak sat\u0131labilir?<\/h2>\n<p>Kapsam s\u0131n\u0131rl\u0131d\u0131r \u2014 her \u00fcr\u00fcn &#8220;yenilenmi\u015f&#8221; olarak sat\u0131lamaz. Ticaret Bakanl\u0131\u011f\u0131&#8217;n\u0131n bilgilendirmesine g\u00f6re kapsamda <strong>cep telefonlar\u0131, tabletler, ak\u0131ll\u0131 saatler, bilgisayarlar, oyun konsollar\u0131 ve modemler<\/strong> yer al\u0131yor; 1 A\u011fustos 2026 de\u011fi\u015fikli\u011fiyle buna <strong>televizyonlar<\/strong> eklendi.<\/p>\n<p class=\"ppgn-yu-note\">Kapsam zaman i\u00e7inde geni\u015fliyor. Almay\u0131 d\u00fc\u015f\u00fcnd\u00fc\u011f\u00fcn\u00fcz \u00fcr\u00fcn tipi listede yoksa, o \u00fcr\u00fcn i\u00e7in &#8220;yenilenmi\u015f&#8221; ibaresi yasal bir stat\u00fc ifade etmez. G\u00fcncel listeyi Ticaret Bakanl\u0131\u011f\u0131&#8217;n\u0131n t\u00fcketici sayfas\u0131ndan teyit edin.<\/p>\n<h2 id=\"garanti\">Garanti: 1 y\u0131l ve d\u00f6rt hakk\u0131n\u0131z<\/h2>\n<p><strong>Yenilenmi\u015f \u00fcr\u00fcn garantisi zorunludur ve s\u00fcresi 1 y\u0131ld\u0131r; garanti mal\u0131n tesliminde ba\u015flar.<\/strong> Yetkili sat\u0131c\u0131, \u00fcr\u00fcn\u00fc yenilenmi\u015f \u00fcr\u00fcn garantisiyle satmak zorundad\u0131r \u2014 &#8220;garantisiz, o y\u00fczden ucuz&#8221; gibi bir pazarl\u0131k bu \u00fcr\u00fcnde m\u00fcmk\u00fcn de\u011fildir.<\/p>\n<p>Garanti kapsam\u0131nda kullanabilece\u011finiz haklar:<\/p>\n<div class=\"ppgn-yu-checks\">\n<div class=\"ppgn-yu-chk\"><strong>\u00dccretsiz onar\u0131m<\/strong> \u2014 ar\u0131zan\u0131n giderilmesi.<\/div>\n<div class=\"ppgn-yu-chk\"><strong>De\u011fi\u015fim<\/strong> \u2014 \u00fcr\u00fcn\u00fcn yenisiyle de\u011fi\u015ftirilmesi.<\/div>\n<div class=\"ppgn-yu-chk\"><strong>Bedel iadesi<\/strong> \u2014 \u00f6dedi\u011finiz tutar\u0131n geri al\u0131nmas\u0131.<\/div>\n<div class=\"ppgn-yu-chk\"><strong>Bedelden indirim<\/strong> \u2014 \u00fcr\u00fcn\u00fc al\u0131koyup ay\u0131p oran\u0131nda indirim istenmesi.<\/div>\n<\/div>\n<p>S\u00fcre taraf\u0131 da nettir: <strong>onar\u0131m veya de\u011fi\u015fim talebinin 20 i\u015f g\u00fcn\u00fc i\u00e7inde yerine getirilmesi zorunludur.<\/strong> Bu s\u00fcre a\u015f\u0131l\u0131rsa di\u011fer haklar\u0131n\u0131za ge\u00e7ebilirsiniz.<\/p>\n<div class=\"ppgn-yu-warn\">\n<strong>Garantiyi d\u00fc\u015f\u00fcren durum:<\/strong> Bakanl\u0131k bilgilendirmesinde a\u00e7\u0131k\u00e7a belirtiliyor \u2014 t\u00fcketicinin <strong>tan\u0131tma ve kullanma k\u0131lavuzuna uymas\u0131<\/strong> gerekir; aksi h\u00e2lde <strong>kullan\u0131c\u0131 hatas\u0131<\/strong> nedeniyle garanti hakk\u0131ndan yararlan\u0131lamaz. Yani suya d\u00fc\u015f\u00fcrme, yetkisiz serviste a\u00e7t\u0131rma gibi durumlar garantiyi devre d\u0131\u015f\u0131 b\u0131rakabilir.\n<\/div>\n<h2 id=\"kontrol\">Sat\u0131n al\u0131rken kontrol edilecek 7 madde<\/h2>\n<div class=\"ppgn-yu-checks\">\n<div class=\"ppgn-yu-chk\">\u00dcr\u00fcnde <strong>holograml\u0131 sertifika formu<\/strong> var m\u0131?<\/div>\n<div class=\"ppgn-yu-chk\"><strong>Karekod<\/strong> bulunuyor mu ve okuttu\u011funuzda kayda ula\u015f\u0131yor musunuz?<\/div>\n<div class=\"ppgn-yu-chk\">Ambalajda ve ilanda <strong>&#8220;yenilenmi\u015f \u00fcr\u00fcn&#8221;<\/strong> ibaresi a\u00e7\u0131k\u00e7a g\u00f6r\u00fcn\u00fcyor mu?<\/div>\n<div class=\"ppgn-yu-chk\">Sat\u0131c\u0131 <strong>hangi par\u00e7alar\u0131n de\u011fi\u015fti\u011fini<\/strong> yaz\u0131l\u0131 olarak bildirdi mi?<\/div>\n<div class=\"ppgn-yu-chk\"><strong>1 y\u0131ll\u0131k garanti belgesi<\/strong> d\u00fczenlendi mi?<\/div>\n<div class=\"ppgn-yu-chk\">Cihaz\u0131n <strong>kay\u0131p\/\u00e7al\u0131nt\u0131 sorgusu<\/strong> temiz mi?<\/div>\n<div class=\"ppgn-yu-chk\">Sat\u0131c\u0131 <strong>yetkili sat\u0131c\u0131<\/strong> m\u0131 \u2014 yenileme merkeziyle ba\u011f\u0131 do\u011frulanabiliyor mu?<\/div>\n<\/div>\n<p>Yedi maddenin tamam\u0131 sa\u011flan\u0131yorsa yenilenmi\u015f \u00fcr\u00fcn mant\u0131kl\u0131 bir al\u0131md\u0131r. <strong>\u0130lk \u00fc\u00e7\u00fcnden biri bile eksikse<\/strong> elinizdeki \u00fcr\u00fcn yenilenmi\u015f de\u011fil, ikinci eldir \u2014 ve fiyat\u0131n\u0131 da ona g\u00f6re de\u011ferlendirmeniz gerekir.<\/p>\n<h2>Ne kadar tasarruf sa\u011flar?<\/h2>\n<p>Fiyat fark\u0131 \u00fcr\u00fcne, modele ve cihaz\u0131n durumuna g\u00f6re de\u011fi\u015fti\u011fi i\u00e7in burada <strong>sabit bir y\u00fczde vermiyoruz<\/strong> \u2014 vermek de do\u011fru olmazd\u0131. Bunun yerine kar\u015f\u0131la\u015ft\u0131rmay\u0131 do\u011fru yapman\u0131n yolunu verelim:<\/p>\n<p><strong>Yenilenmi\u015f fiyat\u0131n\u0131 s\u0131f\u0131rla de\u011fil, \u00fc\u00e7 \u015feyle birlikte kar\u015f\u0131la\u015ft\u0131r\u0131n:<\/strong> ayn\u0131 modelin g\u00fcncel s\u0131f\u0131r fiyat\u0131, <strong>bir alt modelin s\u0131f\u0131r fiyat\u0131<\/strong> ve ayn\u0131 modelin ikinci el fiyat\u0131. \u00c7o\u011fu zaman ger\u00e7ek karar \u015fu iki se\u00e7enek aras\u0131ndad\u0131r: <em>\u00fcst modelin yenilenmi\u015fi<\/em> mi, yoksa <em>alt modelin s\u0131f\u0131r\u0131<\/em> m\u0131? \u0130kisi benzer fiyata geliyorsa, 1 y\u0131l garanti ile 2 y\u0131l garanti aras\u0131ndaki fark\u0131 da hesaba kat\u0131n.<\/p>\n<p>\u0130kinci el ile aray\u0131 da a\u00e7\u0131k tutun: yenilenmi\u015f \u00fcr\u00fcn ikinci elden pahal\u0131d\u0131r, ama aradaki fark <strong>sertifika, test, 1 y\u0131l garanti ve \u00e7al\u0131nt\u0131 sorgusunun<\/strong> bedelidir. Bu fark\u0131 \u00f6demek istemiyorsan\u0131z ald\u0131\u011f\u0131n\u0131z \u015fey ikinci eldir ve riski tamamen sizdedir.<\/p>\n<h2>Kimler i\u00e7in mant\u0131kl\u0131, kimler i\u00e7in de\u011fil?<\/h2>\n<div class=\"ppgn-yu-cards\">\n<div class=\"ppgn-yu-card\"><b>\u2713 Mant\u0131kl\u0131<\/b><span>\u00dcst segment bir modeli b\u00fct\u00e7enizi zorlamadan almak istiyorsan\u0131z; cihaz\u0131 2-3 y\u0131l kullanmay\u0131 planl\u0131yorsan\u0131z; ikinci el d\u00fc\u015f\u00fcn\u00fcyor ama garantisizlikten \u00e7ekiniyorsan\u0131z.<\/span><\/div>\n<div class=\"ppgn-yu-card\"><b>\u2713 Mant\u0131kl\u0131<\/b><span>\u0130kinci cihaz, \u00e7ocuk i\u00e7in telefon, yedek tablet gibi kullan\u0131mlarda \u2014 s\u0131f\u0131r fiyat\u0131na gerek yoktur.<\/span><\/div>\n<div class=\"ppgn-yu-card\"><b>\u2717 Uygun de\u011fil<\/b><span>Cihaz\u0131 4-5 y\u0131l kullanmay\u0131 planl\u0131yorsan\u0131z: 1 y\u0131l garanti, s\u0131f\u0131rdaki 2 y\u0131l\u0131n yar\u0131s\u0131d\u0131r ve batarya gibi t\u00fcketilen par\u00e7alar zaten ya\u015fl\u0131d\u0131r.<\/span><\/div>\n<div class=\"ppgn-yu-card\"><b>\u2717 Uygun de\u011fil<\/b><span>En yeni model ve en g\u00fcncel teknoloji sizin i\u00e7in \u00f6nemliyse \u2014 yenilenmi\u015f pazar\u0131nda bir \u00f6nceki nesiller bulunur.<\/span><\/div>\n<\/div>\n<h2>Sat\u0131n almadan \u00f6nce mutlaka sorun: batarya<\/h2>\n<p>Telefon, tablet ve ak\u0131ll\u0131 saatte cihaz\u0131n \u00f6mr\u00fcn\u00fc belirleyen par\u00e7a bataryad\u0131r ve <strong>yenilenmi\u015f \u00fcr\u00fcnde bataryan\u0131n durumu modelden modele de\u011fi\u015fir<\/strong>. Baz\u0131 merkezler bataryay\u0131 yeniliyor, baz\u0131lar\u0131 belirli bir sa\u011fl\u0131k e\u015fi\u011finin \u00fcst\u00fcndeyse mevcut bataryayla sat\u0131yor.<\/p>\n<p>Bu y\u00fczden sat\u0131n almadan \u00f6nce iki soruyu <strong>yaz\u0131l\u0131 olarak<\/strong> sorun: <strong>&#8220;Batarya de\u011fi\u015ftirildi mi?&#8221;<\/strong> ve <strong>&#8220;Batarya sa\u011fl\u0131\u011f\u0131 y\u00fczde ka\u00e7?&#8221;<\/strong> Yeni d\u00fczenlemeyle de\u011fi\u015ftirilen par\u00e7alar\u0131n kayd\u0131 tutuldu\u011fu i\u00e7in bu bilgi art\u0131k beyandan ibaret olmak zorunda de\u011fil \u2014 sertifika ve kay\u0131t \u00fczerinden do\u011frulanabilir.<\/p>\n<h2 id=\"sorun\">Sorun \u00e7\u0131karsa ne yapmal\u0131?<\/h2>\n<div class=\"ppgn-yu-steps\">\n<div class=\"ppgn-yu-step\">\n<div class=\"ppgn-yu-n\">1<\/div>\n<div><strong>14 g\u00fcn i\u00e7indeyseniz: cayma hakk\u0131<\/strong><\/p>\n<p>Gerek\u00e7e g\u00f6stermeden s\u00f6zle\u015fmeden cayabilirsiniz \u2014 1 A\u011fustos 2026&#8217;dan itibaren bu hak <strong>ma\u011fazadan al\u0131mlarda da<\/strong> ge\u00e7erli. Ayr\u0131nt\u0131lar i\u00e7in <a href=\"\/tr\/iade-ve-cayma-hakki-rehberi\/\">iade ve cayma hakk\u0131 rehberimize<\/a> bak\u0131n.<\/p>\n<\/div>\n<\/div>\n<div class=\"ppgn-yu-step\">\n<div class=\"ppgn-yu-n\">2<\/div>\n<div><strong>Ar\u0131za varsa: garanti haklar\u0131n\u0131z\u0131 kullan\u0131n<\/strong><\/p>\n<p>Onar\u0131m, de\u011fi\u015fim, bedel iadesi veya indirimden birini se\u00e7ip yetkili sat\u0131c\u0131ya yaz\u0131l\u0131 ba\u015fvurun. Onar\u0131m\/de\u011fi\u015fim <strong>20 i\u015f g\u00fcn\u00fc<\/strong> i\u00e7inde yerine getirilmelidir.<\/p>\n<\/div>\n<\/div>\n<div class=\"ppgn-yu-step\">\n<div class=\"ppgn-yu-n\">3<\/div>\n<div><strong>Sertifika yoksa: bu bir yenilenmi\u015f \u00fcr\u00fcn de\u011fildir<\/strong><\/p>\n<p>\u00dcr\u00fcn &#8220;yenilenmi\u015f&#8221; diye sat\u0131ld\u0131\u011f\u0131 h\u00e2lde holograml\u0131 sertifikas\u0131 ve karekodu yoksa, yan\u0131lt\u0131c\u0131 sat\u0131\u015f s\u00f6z konusudur. Kan\u0131tlar\u0131 (ilan g\u00f6r\u00fcnt\u00fcs\u00fc, fatura, yaz\u0131\u015fma) saklay\u0131n ve Ticaret Bakanl\u0131\u011f\u0131&#8217;n\u0131n t\u00fcketici \u015fik\u00e2yet kanal\u0131na ba\u015fvurun.<\/p>\n<\/div>\n<\/div>\n<div class=\"ppgn-yu-step\">\n<div class=\"ppgn-yu-n\">4<\/div>\n<div><strong>\u00c7\u00f6z\u00fcm gelmezse: T\u00fcketici Hakem Heyeti<\/strong><\/p>\n<p>2026&#8217;da <strong>186.000 TL&#8217;nin alt\u0131ndaki<\/strong> uyu\u015fmazl\u0131klarda ba\u015fvuru zorunlu ve \u00fccretsizdir; e-Devlet \u00fczerinden T\u00dcB\u0130S ile yap\u0131l\u0131r.<\/p>\n<\/div>\n<\/div>\n<\/div>\n<h2 id=\"sss\">S\u0131k sorulan sorular<\/h2>\n<div class=\"ppgn-yu-faq\">\n<details>\n<summary>Yenilenmi\u015f \u00fcr\u00fcn ile ikinci el aras\u0131ndaki fark nedir?<\/summary>\n<p>Yenilenmi\u015f \u00fcr\u00fcn, Bakanl\u0131k\u00e7a onayl\u0131 bir yenileme merkezinde onar\u0131lan, ki\u015fisel verileri silinen, fabrika ayarlar\u0131na d\u00f6nd\u00fcr\u00fclen ve performans testlerinden ge\u00e7irilerek sertifikaland\u0131r\u0131lan \u00fcr\u00fcnd\u00fcr; holograml\u0131 sertifika ve karekodla, 1 y\u0131l garantili sat\u0131l\u0131r. \u0130kinci elde bunlar\u0131n hi\u00e7biri yoktur: garanti yoktur, test g\u00fcvencesi yoktur, sat\u0131c\u0131n\u0131n beyan\u0131na g\u00fcvenirsiniz. \u0130landa &#8220;yenilenmi\u015f&#8221; yazmas\u0131 tek ba\u015f\u0131na yeterli de\u011fildir \u2014 belirleyici olan sertifikad\u0131r.<\/p>\n<\/details>\n<details>\n<summary>Yenilenmi\u015f \u00fcr\u00fcnde garanti s\u00fcresi ne kadar?<\/summary>\n<p>1 y\u0131ld\u0131r ve garanti mal\u0131n teslimiyle ba\u015flar. Yetkili sat\u0131c\u0131 \u00fcr\u00fcn\u00fc yenilenmi\u015f \u00fcr\u00fcn garantisiyle satmak zorundad\u0131r. Garanti kapsam\u0131nda onar\u0131m, de\u011fi\u015fim, \u00f6denen bedelin iadesi veya bedelden indirim haklar\u0131ndan birini kullanabilirsiniz. Onar\u0131m veya de\u011fi\u015fim talebinin 20 i\u015f g\u00fcn\u00fc i\u00e7inde yerine getirilmesi zorunludur.<\/p>\n<\/details>\n<details>\n<summary>1 A\u011fustos 2026&#8217;da yenilenmi\u015f \u00fcr\u00fcnlerde ne de\u011fi\u015fti?<\/summary>\n<p>27 Haziran 2026 tarihli Resm\u00ee Gazete&#8217;de yay\u0131mlanan de\u011fi\u015fiklik 1 A\u011fustos 2026&#8217;da y\u00fcr\u00fcrl\u00fc\u011fe girdi. D\u00f6rt ba\u015fl\u0131k \u00f6ne \u00e7\u0131k\u0131yor: televizyonlar kapsama eklendi; ma\u011fazadan sat\u0131n al\u0131nan yenilenmi\u015f \u00fcr\u00fcnde de 14 g\u00fcn i\u00e7inde gerek\u00e7esiz cayma hakk\u0131 tan\u0131nd\u0131; Y\u00dcB\u0130S (Yenilenmi\u015f \u00dcr\u00fcn Bilgi Sistemi) ile her cihaza dijital sicil olu\u015fturuldu \u2014 de\u011fi\u015ftirilen par\u00e7alar, yap\u0131lan i\u015flemler, sertifikalar ve kay\u0131p\/\u00e7al\u0131nt\u0131 sorgusu g\u00f6r\u00fclebiliyor; yenileme merkezleri i\u00e7in asgari sermaye \u015fart\u0131 30 milyon TL&#8217;den 100 milyon TL&#8217;ye \u00e7\u0131kar\u0131ld\u0131 ve denetim mekanizmas\u0131 g\u00fc\u00e7lendirildi.<\/p>\n<\/details>\n<details>\n<summary>Ma\u011fazadan ald\u0131\u011f\u0131m yenilenmi\u015f \u00fcr\u00fcn\u00fc iade edebilir miyim?<\/summary>\n<p>Evet. Bu, t\u00fcketici hukukunda dikkat \u00e7ekici bir istisnad\u0131r: kural olarak cayma hakk\u0131 yaln\u0131zca mesafeli sat\u0131\u015flara \u00f6zg\u00fcd\u00fcr ve ma\u011fazadan y\u00fcz y\u00fcze al\u0131nan sa\u011flam bir \u00fcr\u00fcn\u00fc iade etme hakk\u0131 kanundan do\u011fmaz. Ancak 1 A\u011fustos 2026&#8217;da y\u00fcr\u00fcrl\u00fc\u011fe giren d\u00fczenlemeyle yenilenmi\u015f \u00fcr\u00fcnde, yaln\u0131zca internet al\u0131\u015fveri\u015flerinde de\u011fil fiziki ma\u011fazadan al\u0131mlarda da 14 g\u00fcn i\u00e7inde hi\u00e7bir gerek\u00e7e g\u00f6stermeksizin cayma hakk\u0131 tan\u0131nm\u0131\u015ft\u0131r.<\/p>\n<\/details>\n<details>\n<summary>Hangi \u00fcr\u00fcnler yenilenmi\u015f olarak sat\u0131labilir?<\/summary>\n<p>Kapsam s\u0131n\u0131rl\u0131d\u0131r. Ticaret Bakanl\u0131\u011f\u0131 bilgilendirmesine g\u00f6re cep telefonlar\u0131, tabletler, ak\u0131ll\u0131 saatler, bilgisayarlar, oyun konsollar\u0131 ve modemler kapsamdad\u0131r; 1 A\u011fustos 2026 de\u011fi\u015fikli\u011fiyle televizyonlar da eklenmi\u015ftir. Kapsam zaman i\u00e7inde geni\u015fledi\u011fi i\u00e7in almay\u0131 d\u00fc\u015f\u00fcnd\u00fc\u011f\u00fcn\u00fcz \u00fcr\u00fcn tipini g\u00fcncel listeden teyit edin. Listede olmayan bir \u00fcr\u00fcnde &#8220;yenilenmi\u015f&#8221; ibaresi yasal bir stat\u00fc ifade etmez.<\/p>\n<\/details>\n<details>\n<summary>Yenilenmi\u015f \u00fcr\u00fcn\u00fcn sertifikas\u0131 nas\u0131l kontrol edilir?<\/summary>\n<p>Yenilenmi\u015f \u00fcr\u00fcnlerin holograml\u0131 sertifika formu ve karekodlu olarak sat\u0131\u015fa sunulmas\u0131 zorunludur; ayr\u0131ca &#8220;yenilenmi\u015f \u00fcr\u00fcn&#8221; ibaresinin a\u00e7\u0131k\u00e7a g\u00f6r\u00fclmesi gerekir. Karekodu okutarak \u00fcr\u00fcn\u00fcn kayd\u0131na ula\u015fabilir, Y\u00dcB\u0130S \u00fczerinden de\u011fi\u015ftirilen par\u00e7alar\u0131, yap\u0131lan i\u015flemleri ve kay\u0131p\/\u00e7al\u0131nt\u0131 sorgusunu g\u00f6rebilirsiniz. Sertifikas\u0131 ve karekodu olmayan bir \u00fcr\u00fcn yenilenmi\u015f de\u011fildir.<\/p>\n<\/details>\n<details>\n<summary>Yenilenmi\u015f telefonun bataryas\u0131 yeni mi?<\/summary>\n<p>Her zaman de\u011fil; bu modelden modele ve yenileme merkezine g\u00f6re de\u011fi\u015fir. Baz\u0131 merkezler bataryay\u0131 yeniliyor, baz\u0131lar\u0131 belirli bir sa\u011fl\u0131k e\u015fi\u011finin \u00fcst\u00fcndeyse mevcut bataryayla sat\u0131yor. Sat\u0131n almadan \u00f6nce &#8220;batarya de\u011fi\u015ftirildi mi?&#8221; ve &#8220;batarya sa\u011fl\u0131\u011f\u0131 y\u00fczde ka\u00e7?&#8221; sorular\u0131n\u0131 yaz\u0131l\u0131 olarak sorun. Yeni d\u00fczenlemeyle de\u011fi\u015ftirilen par\u00e7alar\u0131n kayd\u0131 tutuldu\u011fu i\u00e7in bu bilgi kay\u0131t \u00fczerinden do\u011frulanabilir h\u00e2le geldi.<\/p>\n<\/details>\n<details>\n<summary>Yenilenmi\u015f \u00fcr\u00fcn \u00e7al\u0131nt\u0131 \u00e7\u0131kar m\u0131?<\/summary>\n<p>Bu, pazar\u0131n en b\u00fcy\u00fck endi\u015fesiydi ve 1 A\u011fustos 2026&#8217;da y\u00fcr\u00fcrl\u00fc\u011fe giren d\u00fczenleme buna do\u011frudan yan\u0131t veriyor: Y\u00dcB\u0130S \u00fczerinden t\u00fcketiciler <strong>kay\u0131p\/\u00e7al\u0131nt\u0131 sorgusu<\/strong> yapabiliyor. Sat\u0131n almadan \u00f6nce bu sorguyu mutlaka yapt\u0131r\u0131n veya yapt\u0131rd\u0131\u011f\u0131n\u0131zdan emin olun. Sertifikas\u0131z, karekodsuz sat\u0131lan &#8220;yenilenmi\u015f&#8221; \u00fcr\u00fcnlerde b\u00f6yle bir g\u00fcvence yoktur.<\/p>\n<\/details>\n<details>\n<summary>Yenilenmi\u015f mi almal\u0131y\u0131m, alt modelin s\u0131f\u0131r\u0131n\u0131 m\u0131?<\/summary>\n<p>Ger\u00e7ek karar \u00e7o\u011fu zaman bu ikisi aras\u0131ndad\u0131r. Kar\u015f\u0131la\u015ft\u0131r\u0131rken \u00fc\u00e7 fiyata birden bak\u0131n: ayn\u0131 modelin s\u0131f\u0131r fiyat\u0131, bir alt modelin s\u0131f\u0131r fiyat\u0131 ve ayn\u0131 modelin ikinci el fiyat\u0131. Yenilenmi\u015f \u00fcst model ile s\u0131f\u0131r alt model benzer fiyata geliyorsa, garanti fark\u0131n\u0131 da hesaba kat\u0131n: yenilenmi\u015fte 1 y\u0131l, s\u0131f\u0131rda asgari 2 y\u0131l. Cihaz\u0131 uzun s\u00fcre kullanacaksan\u0131z s\u0131f\u0131r alt model daha mant\u0131kl\u0131 olabilir.<\/p>\n<\/details>\n<details>\n<summary>Yenilenmi\u015f \u00fcr\u00fcnde garanti hangi durumlarda ge\u00e7ersiz olur?<\/summary>\n<p>Ticaret Bakanl\u0131\u011f\u0131 bilgilendirmesine g\u00f6re t\u00fcketicinin tan\u0131tma ve kullanma k\u0131lavuzuna uymas\u0131 gerekir; aksi h\u00e2lde kullan\u0131c\u0131 hatas\u0131 nedeniyle garanti hakk\u0131ndan yararlan\u0131lamaz. Pratikte bu, suya d\u00fc\u015f\u00fcrme, darbe, yetkisiz serviste a\u00e7t\u0131rma gibi durumlar\u0131 kapsar. Cihaz\u0131 yetkili olmayan bir yerde a\u00e7t\u0131rmadan \u00f6nce garanti \u015fartlar\u0131n\u0131 okuyun.<\/p>\n<\/details>\n<details>\n<summary>Onar\u0131m 20 i\u015f g\u00fcn\u00fcnde bitmezse ne olur?<\/summary>\n<p>Yenilenmi\u015f \u00fcr\u00fcn garantisi kapsam\u0131nda onar\u0131m veya de\u011fi\u015fim talebinin 20 i\u015f g\u00fcn\u00fc i\u00e7inde yerine getirilmesi zorunludur. Bu s\u00fcre a\u015f\u0131l\u0131rsa di\u011fer se\u00e7imlik haklar\u0131n\u0131za (de\u011fi\u015fim, bedel iadesi veya bedelden indirim) ge\u00e7ebilirsiniz. Talebinizi ve tarihini yaz\u0131l\u0131 olarak kay\u0131t alt\u0131na al\u0131n; s\u00fcre hesab\u0131 buna dayan\u0131r.<\/p>\n<\/details>\n<details>\n<summary>&#8220;Yenilenmi\u015f&#8221; diye sat\u0131ld\u0131 ama sertifikas\u0131 yok, ne yapmal\u0131y\u0131m?<\/summary>\n<p>Bu durumda \u00fcr\u00fcn yasal anlamda yenilenmi\u015f de\u011fildir ve yan\u0131lt\u0131c\u0131 sat\u0131\u015f s\u00f6z konusudur. \u0130lan g\u00f6r\u00fcnt\u00fcs\u00fc, fatura ve sat\u0131c\u0131yla yaz\u0131\u015fmalar\u0131 saklay\u0131n; Ticaret Bakanl\u0131\u011f\u0131&#8217;n\u0131n t\u00fcketici \u015fik\u00e2yet kanallar\u0131na ba\u015fvurun. Uyu\u015fmazl\u0131k tutar\u0131na g\u00f6re T\u00fcketici Hakem Heyeti&#8217;ne de ba\u015fvurabilirsiniz \u2014 2026&#8217;da 186.000 TL alt\u0131ndaki uyu\u015fmazl\u0131klarda ba\u015fvuru zorunlu ve \u00fccretsizdir.<\/p>\n<\/details>\n<details>\n<summary>Yenilenmi\u015f \u00fcr\u00fcn kargoda hasar g\u00f6r\u00fcrse kim sorumlu?<\/summary>\n<p>Sat\u0131c\u0131. Mesafeli S\u00f6zle\u015fmeler Y\u00f6netmeli\u011fi m.17&#8217;ye g\u00f6re sat\u0131c\u0131, mal\u0131n t\u00fcketiciye teslimine kadar olu\u015fan kay\u0131p ve hasardan sorumludur \u2014 bu kural yenilenmi\u015f \u00fcr\u00fcnde de aynen ge\u00e7erlidir. Paketi teslim al\u0131rken hasar g\u00f6r\u00fcrseniz kargo g\u00f6revlisinden tutanak tutturun ve a\u00e7\u0131l\u0131\u015f\u0131 videoya \u00e7ekin. Ayr\u0131nt\u0131lar i\u00e7in <a href=\"\/tr\/kargo-gelmedi-hasarli-geldi-ne-yapmali\/\">kargo rehberimize<\/a> bakabilirsiniz.<\/p>\n<\/details>\n<\/div>\n<h3>Kaynaklar<\/h3>\n<ul class=\"ppgn-yu-srclist\">\n<li><strong>T.C. Ticaret Bakanl\u0131\u011f\u0131 \u2014 Yenilenmi\u015f \u00dcr\u00fcnler Hakk\u0131nda Bilgilendirme<\/strong> (tan\u0131m, kapsam, garanti s\u00fcresi, 20 i\u015f g\u00fcn\u00fc, sertifika ve karekod zorunlulu\u011fu): <a href=\"https:\/\/tuketici.ticaret.gov.tr\/yayinlar\/tuketici-bilgi-rehberi\/yenilenmis-urunler-hakkinda-bilgilendirme\" target=\"_blank\" rel=\"noopener nofollow\">tuketici.ticaret.gov.tr<\/a><\/li>\n<li><strong>Yenilenmi\u015f \u00dcr\u00fcnlerin Sat\u0131\u015f\u0131 Hakk\u0131nda Y\u00f6netmelik<\/strong> \u2014 RG 22\/8\/2020-31221; de\u011fi\u015fiklik RG 27\/6\/2026, y\u00fcr\u00fcrl\u00fck 1\/8\/2026: <a href=\"https:\/\/www.resmigazete.gov.tr\/\" target=\"_blank\" rel=\"noopener nofollow\">resmigazete.gov.tr<\/a><\/li>\n<li><strong>T.C. Ticaret Bakanl\u0131\u011f\u0131<\/strong> \u2014 &#8220;Yenilenmi\u015f \u00fcr\u00fcnlerde yeni d\u00f6nem&#8221; duyurusu (televizyon, ma\u011fazada cayma hakk\u0131, Y\u00dcB\u0130S, sermaye \u015fart\u0131): <a href=\"https:\/\/ticaret.gov.tr\/haberler\/ticaret-bakanligi-yenilenmis-urunlerde-yeni-donemi-baslatiyor\" target=\"_blank\" rel=\"noopener nofollow\">ticaret.gov.tr<\/a><\/li>\n<li><strong>Yenileme Yetki Belgesi<\/strong> \u2014 yetkili yenileme merkezi belgelendirmesi: <a href=\"https:\/\/ticaret.gov.tr\/tuketici\/belgelendirme-islemleri\/yenileme-yetki-belgesi\" target=\"_blank\" rel=\"noopener nofollow\">ticaret.gov.tr<\/a><\/li>\n<li><strong>T\u00fcketici Hakem Heyetleri<\/strong> \u2014 2026 parasal s\u0131n\u0131r\u0131 ve T\u00dcB\u0130S ba\u015fvurusu: <a href=\"https:\/\/tuketici.ticaret.gov.tr\/\" target=\"_blank\" rel=\"noopener nofollow\">tuketici.ticaret.gov.tr<\/a><\/li>\n<\/ul>\n<p class=\"ppgn-yu-note\"><strong>Bilgilendirme:<\/strong> Bu rehber genel bilgilendirme amac\u0131yla haz\u0131rlanm\u0131\u015ft\u0131r ve hukuki dan\u0131\u015fmanl\u0131k niteli\u011fi ta\u015f\u0131maz. Buradaki bilgiler haz\u0131rland\u0131\u011f\u0131 tarihte Ticaret Bakanl\u0131\u011f\u0131 ve Resm\u00ee Gazete kaynaklar\u0131ndan derlenmi\u015ftir; mevzuat ve kapsam de\u011fi\u015febilece\u011finden sat\u0131n alma \u00f6ncesi g\u00fcncel bilgiyi kontrol edin. Papa\u011fan hi\u00e7bir yenileme merkezini veya sat\u0131c\u0131y\u0131 \u00f6nermez ya da hedef g\u00f6stermez.<\/p>\n<\/div>\n","protected":false},"excerpt":{"rendered":"<p>Yenilenmi\u015f \u00fcr\u00fcn ikinci el de\u011fildir: 1 y\u0131l garanti, holograml\u0131 sertifika ve karekod zorunludur. 1 A\u011fustos 2026 de\u011fi\u015fikli\u011fiyle televizyonlar kapsama girdi, ma\u011fazadan al\u0131mda da 14 g\u00fcn cayma hakk\u0131 tan\u0131nd\u0131 ve Y\u00dcB\u0130S ile \u00e7al\u0131nt\u0131 sorgusu m\u00fcmk\u00fcn oldu.<\/p>\n","protected":false},"author":1,"featured_media":153,"comment_status":"open","ping_status":"open","sticky":false,"template":"","format":"standard","meta":[],"categories":[24],"tags":[],"_links":{"self":[{"href":"https:\/\/blog.papagan.com\/tr\/wp-json\/wp\/v2\/posts\/152"}],"collection":[{"href":"https:\/\/blog.papagan.com\/tr\/wp-json\/wp\/v2\/posts"}],"about":[{"href":"https:\/\/blog.papagan.com\/tr\/wp-json\/wp\/v2\/types\/post"}],"author":[{"embeddable":true,"href":"https:\/\/blog.papagan.com\/tr\/wp-json\/wp\/v2\/users\/1"}],"replies":[{"embeddable":true,"href":"https:\/\/blog.papagan.com\/tr\/wp-json\/wp\/v2\/comments?post=152"}],"version-history":[{"count":0,"href":"https:\/\/blog.papagan.com\/tr\/wp-json\/wp\/v2\/posts\/152\/revisions"}],"wp:featuredmedia":[{"embeddable":true,"href":"https:\/\/blog.papagan.com\/tr\/wp-json\/wp\/v2\/media\/153"}],"wp:attachment":[{"href":"https:\/\/blog.papagan.com\/tr\/wp-json\/wp\/v2\/media?parent=152"}],"wp:term":[{"taxonomy":"category","embeddable":true,"href":"https:\/\/blog.papagan.com\/tr\/wp-json\/wp\/v2\/categories?post=152"},{"taxonomy":"post_tag","embeddable":true,"href":"https:\/\/blog.papagan.com\/tr\/wp-json\/wp\/v2\/tags?post=152"}],"curies":[{"name":"wp","href":"https:\/\/api.w.org\/{rel}","templated":true}]}}