{"id":14,"date":"2022-12-16T23:27:32","date_gmt":"2022-12-16T20:27:32","guid":{"rendered":"https:\/\/blog.papagan.com\/tr\/?p=14"},"modified":"2022-12-16T23:27:32","modified_gmt":"2022-12-16T20:27:32","slug":"airpods-pro-incelemesi","status":"publish","type":"post","link":"https:\/\/blog.papagan.com\/tr\/airpods-pro-incelemesi\/","title":{"rendered":"AirPods Pro \u0130ncelemesi: T\u00fcm \u00d6zellikler, Ses Kalitesi, Pillerin Dayan\u0131m S\u00fcresi ve Daha Fazlas\u0131"},"content":{"rendered":"<p>AirPods Pro, Apple taraf\u0131ndan \u00fcretilen ve \u00e7\u0131k\u0131\u015f tarihi 2019 olan bir kablosuz kulakl\u0131k modelidir. Bu kulakl\u0131klar, aktif g\u00fcr\u00fclt\u00fc azaltma \u00f6zelli\u011fi, sesleri dengede tutan adaptif EQ ve hareket etme esnas\u0131nda da d\u00fczg\u00fcn \u00e7al\u0131\u015fan bas\u0131n\u00e7 dengeli tasar\u0131m\u0131 ile \u00f6ne \u00e7\u0131kmaktad\u0131r. Ayr\u0131ca, AirPods Pro&#8217;nun y\u00fcz tan\u0131ma \u00f6zelli\u011fi sayesinde, kulakl\u0131klar\u0131 takt\u0131\u011f\u0131n\u0131z anda otomatik olarak \u00e7al\u0131\u015fmaya ba\u015flar ve \u00e7\u0131kar\u0131ld\u0131\u011f\u0131nda da durur. AirPods Pro, iPhone, iPad ve iPod touch gibi Apple cihazlar\u0131 ile uyumludur ve kablosuz olarak Bluetooth ile ba\u011flan\u0131r. \u00d6zellikleri ve tasar\u0131m\u0131 ile AirPods Pro, kablosuz kulakl\u0131k sekt\u00f6r\u00fcnde \u00f6nemli bir yer edinmi\u015ftir.<\/p>\n<p><strong>AirPods Pro&#8217;nun \u00f6zellikleri nelerdir?<\/strong><\/p>\n<ul>\n<li>Aktif g\u00fcr\u00fclt\u00fc azaltma: AirPods Pro, \u00e7evredeki g\u00fcr\u00fclt\u00fcy\u00fc azaltarak daha iyi bir dinleme deneyimi sunar.<\/li>\n<li>Adaptive EQ: AirPods Pro, m\u00fczi\u011fin ses seviyesini ve tonunu ki\u015finin kulak \u015fekline g\u00f6re otomatik olarak ayarlar.<\/li>\n<li>Sweat ve su ge\u00e7irmez: AirPods Pro, ter ve suya dayan\u0131kl\u0131d\u0131r ve hava ko\u015fullar\u0131na uyum sa\u011flar.<\/li>\n<li>Transparan mod: AirPods Pro, \u00e7evredeki sesleri duyman\u0131za izin veren transparan bir moda sahiptir.<\/li>\n<li>Siri deste\u011fi: AirPods Pro, Siri ile etkile\u015fim kurman\u0131za izin verir ve sesli komutlar ile kontrol edilebilir.<\/li>\n<li>Uzun pil \u00f6mr\u00fc: AirPods Pro, bir kez \u015farj edilerek 5 saate kadar m\u00fczik dinlemenize veya 3 saate kadar konu\u015fma yapman\u0131za izin verir.<\/li>\n<li>\u00d6zel \u015farj kutusu: AirPods Pro, \u00f6zel bir \u015farj kutusu ile birlikte gelir ve bu kutu ile AirPods Pro&#8217;lar\u0131 \u015farj edebilirsiniz.<\/li>\n<li>Farkl\u0131 boyutlarda yumu\u015fak t\u00fcp\u00e7\u00fckler: AirPods Pro, farkl\u0131 boyutlarda yumu\u015fak t\u00fcp\u00e7\u00fckler ile birlikte gelir ve bu t\u00fcp\u00e7\u00fckler sayesinde kulak \u015fekline daha iyi uyum sa\u011flar.<\/li>\n<li>Apple H1 chip: AirPods Pro, Apple taraf\u0131ndan geli\u015ftirilen H1 chip ile donat\u0131lm\u0131\u015ft\u0131r ve bu sayede d\u00fc\u015f\u00fck gecikmeli ses aktar\u0131m\u0131 ve h\u0131zl\u0131 ba\u011flant\u0131 kurulmas\u0131 sa\u011flar.<\/li>\n<\/ul>\n<p><strong>AirPods Pro&#8217;nun ses kalitesi nas\u0131ld\u0131r?<\/strong><\/p>\n<p>AirPods Pro, Apple&#8217;\u0131n kablosuz kulakl\u0131k \u00fcr\u00fcn\u00fcd\u00fcr ve genellikle y\u00fcksek kalitede ses \u00e7\u0131k\u0131\u015f\u0131 sunar. \u00d6zellikle, bu kulakl\u0131klar\u0131n aktif g\u00fcr\u00fclt\u00fc azaltma \u00f6zelli\u011fi sayesinde, ortam g\u00fcr\u00fclt\u00fcs\u00fcn\u00fc azalt\u0131r ve daha net ve keskin bir ses deneyimi sunar. Bu \u00f6zellik, m\u00fczik dinleme veya sesli arama yaparken olduk\u00e7a faydal\u0131d\u0131r. Ayr\u0131ca, AirPods Pro, ses \u00e7\u0131k\u0131\u015f\u0131n\u0131n kalitesini artt\u0131rmak i\u00e7in \u00e7e\u015fitli ses profilleri sunar, bu da kulakl\u0131klar\u0131n farkl\u0131 ortamlarda ve farkl\u0131 m\u00fczik t\u00fcrlerinde kullan\u0131lmas\u0131na olanak verir.<\/p>\n<p>Genel olarak, AirPods Pro, \u00e7ok y\u00fcksek kalitede ses \u00e7\u0131k\u0131\u015f\u0131 sunar ve kullan\u0131c\u0131lar taraf\u0131ndan genellikle olumlu de\u011ferlendirilir. Ancak, ses kalitesi her zaman ki\u015fiden ki\u015fiye de\u011fi\u015febilir ve baz\u0131 kullan\u0131c\u0131lar\u0131n beklentileri farkl\u0131 olabilir. E\u011fer m\u00fcmk\u00fcnse, AirPods Pro&#8217;yu deneyin ve kendi kulaklar\u0131n\u0131zla karar verin.<\/p>\n<div class=\"w-full border-b border-black\/10 dark:border-gray-900\/50 text-gray-800 dark:text-gray-100 group dark:bg-gray-800\">\n<div class=\"text-base gap-6 m-auto md:max-w-2xl lg:max-w-2xl xl:max-w-3xl p-4 md:py-6 flex lg:px-0\">\n<div class=\"relative flex w-full flex-col lg:w-[calc(100%-115px)]\">\n<div class=\"min-h-[20px] flex flex-col items-start gap-4 whitespace-pre-wrap\"><strong>AirPods Pro&#8217;nun pilleri ne kadar s\u00fcre dayan\u0131r?<\/strong><\/div>\n<\/div>\n<\/div>\n<\/div>\n<div class=\"w-full border-b border-black\/10 dark:border-gray-900\/50 text-gray-800 dark:text-gray-100 group bg-gray-50 dark:bg-[#444654]\">\n<div class=\"text-base gap-6 m-auto md:max-w-2xl lg:max-w-2xl xl:max-w-3xl p-4 md:py-6 flex lg:px-0\">\n<div class=\"w-[30px] flex flex-col relative items-end\">\n<div class=\"relative h-[30px] w-[30px] p-1 rounded-sm text-white flex items-center justify-center\"><\/div>\n<\/div>\n<div class=\"relative flex w-full flex-col lg:w-[calc(100%-115px)]\">\n<div class=\"min-h-[20px] flex flex-col items-start gap-4 whitespace-pre-wrap\">\n<div class=\"request-:r0:-0 markdown prose break-words dark:prose-invert result-streaming dark\">\n<p>AirPods Pro, \u00f6zel bir kulakl\u0131k modelidir ve pilleri ne kadar s\u00fcre dayan\u0131r, kullan\u0131m \u015fekline g\u00f6re de\u011fi\u015febilir. Apple&#8217;\u0131n resmi verilerine g\u00f6re, AirPods Pro, aktif bir kulakl\u0131k olarak (s\u00fcrekli m\u00fczik dinleme veya arama yaparak) 5 saate kadar pil \u00f6mr\u00fc sunar. Bu, \u00f6zel bir kulakl\u0131k modeli i\u00e7in olduk\u00e7a iyi bir pil \u00f6mr\u00fcd\u00fcr.<\/p>\n<p>Ancak, AirPods Pro, aktif kulakl\u0131k modundan \u00e7\u0131kart\u0131l\u0131p yaln\u0131zca bekleme modunda kal\u0131rsa, pil \u00f6mr\u00fc daha da uzayabilir. Bekleme modunda, AirPods Pro, haftalarca s\u00fcrebilir. Bu, AirPods Pro&#8217;nun \u00e7ok kullan\u0131\u015fl\u0131 bir seyahat aksesuar\u0131 olmas\u0131n\u0131 sa\u011flar.<\/p>\n<p>Ayr\u0131ca, AirPods Pro&#8217;nun pil \u00f6mr\u00fcn\u00fc uzatmak i\u00e7in birka\u00e7 \u00f6nlem al\u0131nabilir. \u00d6rne\u011fin, ek kulakl\u0131k \u00f6zelli\u011fini kapatmak, Bluetooth ba\u011flant\u0131s\u0131n\u0131 azaltmak ve m\u00fcmk\u00fcn oldu\u011funca az arama yapmak gibi. Bu \u00f6nlemler, AirPods Pro&#8217;nun pil \u00f6mr\u00fcn\u00fc uzatmaya yard\u0131mc\u0131 olabilir.<\/p>\n<p><strong>AirPods Pro&#8217;nun kulakl\u0131klar aras\u0131nda e\u015fle\u015ftirme nas\u0131l yap\u0131l\u0131r?<\/strong><\/p>\n<p>AirPods Pro&#8217;lar\u0131 e\u015fle\u015ftirme i\u015flemini yapmak i\u00e7in a\u015fa\u011f\u0131daki ad\u0131mlar\u0131 izleyebilirsiniz:<\/p>\n<ul>\n<li>AirPods Pro&#8217;lar\u0131n\u0131z\u0131 kutunun i\u00e7inden \u00e7\u0131kar\u0131n ve kulakl\u0131klar\u0131n her ikisini de \u00e7al\u0131\u015ft\u0131rmak i\u00e7in 5 saniye boyunca bas\u0131l\u0131 tutun.<\/li>\n<li>iPhone, iPad, iPod touch veya Apple Watch&#8217;unuzu a\u00e7\u0131n ve Ayarlar &gt; Bluetooth&#8217;a gidin.<\/li>\n<li>Bluetooth&#8217;un etkin oldu\u011fundan emin olun ve e\u015fle\u015ftirme i\u00e7in birisi AirPods Pro&#8217;lar\u0131n\u0131z\u0131 se\u00e7in.<\/li>\n<li>E\u015fle\u015ftirme i\u015flemi tamamland\u0131\u011f\u0131nda, AirPods Pro&#8217;lar\u0131n\u0131z otomatik olarak \u00e7al\u0131\u015fmaya ba\u015flayacakt\u0131r.<\/li>\n<\/ul>\n<p>Not: E\u011fer AirPods Pro&#8217;lar\u0131n\u0131z\u0131 ilk kez kullan\u0131yorsan\u0131z, AirPods Pro&#8217;lar\u0131n\u0131z\u0131 e\u015fle\u015ftirirken, \u00f6ncelikle AirPods Pro&#8217;lar\u0131n\u0131z\u0131n i\u00e7inde bulunan kablosuz \u015farj kutusunu a\u00e7\u0131n ve onu iPhone, iPad, iPod touch veya Apple Watch&#8217;unuza do\u011fru y\u00f6nlendirin. Bu sayede, AirPods Pro&#8217;lar\u0131n\u0131z\u0131 otomatik olarak e\u015fle\u015ftirme i\u015flemini tamamlayacakt\u0131r.<\/p>\n<div class=\"w-full border-b border-black\/10 dark:border-gray-900\/50 text-gray-800 dark:text-gray-100 group dark:bg-gray-800\">\n<div class=\"text-base gap-6 m-auto md:max-w-2xl lg:max-w-2xl xl:max-w-3xl p-4 md:py-6 flex lg:px-0\">\n<div class=\"relative flex w-full flex-col lg:w-[calc(100%-115px)]\">\n<div class=\"min-h-[20px] flex flex-col items-start gap-4 whitespace-pre-wrap\">\n<p><strong>AirPods Pro&#8217;nun \u015farj etme se\u00e7enekleri nelerdir?<\/strong><\/p>\n<p>AirPods Pro \u015farj etme se\u00e7enekleri \u015funlard\u0131r:<\/p>\n<ul>\n<li>\u015earj kutusu: AirPods Pro, \u015farj kutusu kullan\u0131larak \u015farj edilebilir. \u015earj kutusu, AirPods Pro&#8217;lar\u0131n \u00fczerine tak\u0131l\u0131r ve \u015farj etme i\u015flemini otomatik olarak ba\u015flat\u0131r. \u015earj kutusu, AirPods Pro&#8217;lar\u0131 24 saatte tamamen \u015farj edebilir.<\/li>\n<li>Lightning kablosu: AirPods Pro, Lightning kablosu kullan\u0131larak da \u015farj edilebilir. Bu i\u015flem i\u00e7in, AirPods Pro&#8217;lar\u0131n arka k\u0131sm\u0131ndaki Lightning ba\u011flant\u0131 noktas\u0131na uygun bir Lightning kablosu tak\u0131l\u0131r ve bu kablo bir USB g\u00fc\u00e7 kayna\u011f\u0131na (\u00f6rn. bilgisayar, duvar \u015farj cihaz\u0131 vb.) ba\u011flan\u0131r.<\/li>\n<li>Qi cihazlar\u0131: AirPods Pro, Qi standart\u0131na uygun bir cihaz kullan\u0131larak da \u015farj edilebilir. Bu i\u015flem i\u00e7in, AirPods Pro&#8217;lar\u0131n arka k\u0131sm\u0131ndaki Qi simgesine uygun bir Qi \u015farj aletine yerle\u015ftirilir ve \u015farj etme i\u015flemini ba\u015flat\u0131r.<\/li>\n<\/ul>\n<p>Not: AirPods Pro&#8217;lar\u0131n \u015farj etme s\u0131ras\u0131nda kulak i\u00e7ine tak\u0131l\u0131 olmas\u0131 gerekmektedir. Aksi takdirde, \u015farj etme i\u015fleminin tamamlanmas\u0131 i\u00e7in daha fazla zaman gerekebilir.<\/p>\n<p><strong>AirPods Pro&#8217;nun \u00e7al\u0131\u015fma s\u0131cakl\u0131\u011f\u0131 aral\u0131\u011f\u0131 nedir?<\/strong><\/p>\n<p>AirPods Pro \u00e7al\u0131\u015fma s\u0131cakl\u0131\u011f\u0131 aral\u0131\u011f\u0131 0\u00b0C ila 35\u00b0C (32\u00b0F ila 95\u00b0F) aras\u0131d\u0131r. L\u00fctfen not edin ki, s\u0131cak ve so\u011fuk hava ko\u015fullar\u0131nda kulakl\u0131klar\u0131n performans\u0131 etkilenebilir ve kulakl\u0131klar\u0131n \u00f6mr\u00fcn\u00fc uzatmak i\u00e7in d\u00fczenli olarak \u015farj etmeniz \u00f6nerilir.<\/p>\n<p><strong>AirPods Pro&#8217;nun su ge\u00e7irmezlik \u00f6zelli\u011fi var m\u0131d\u0131r?<\/strong><\/p>\n<p>Evet, AirPods Pro su ge\u00e7irmezdir ve nemden etkilenmezler. Apple, AirPods Pro&#8217;nun IPX4 s\u0131n\u0131f\u0131nda su ge\u00e7irmez oldu\u011funu ve nemli ko\u015fullarda kullan\u0131labilece\u011fini belirtmi\u015ftir. Bu, AirPods Pro&#8217;nun hafif bir ya\u011fmur veya terleme durumunda hasar g\u00f6rmemesi anlam\u0131na gelir, ancak y\u00fczme gibi suya tamamen dald\u0131r\u0131lmas\u0131 halinde hasar g\u00f6rebilirler. AirPods Pro&#8217;nun su ge\u00e7irmezli\u011fi, \u00f6zel olarak tasar\u0131mland\u0131r\u0131lm\u0131\u015f bir g\u00f6vde ve kaplama sayesinde sa\u011flanmaktad\u0131r.<\/p>\n<div class=\"w-full border-b border-black\/10 dark:border-gray-900\/50 text-gray-800 dark:text-gray-100 group dark:bg-gray-800\">\n<div class=\"text-base gap-6 m-auto md:max-w-2xl lg:max-w-2xl xl:max-w-3xl p-4 md:py-6 flex lg:px-0\">\n<div class=\"relative flex w-full flex-col lg:w-[calc(100%-115px)]\">\n<div class=\"min-h-[20px] flex flex-col items-start gap-4 whitespace-pre-wrap\"><strong>AirPods Pro&#8217;nun garanti s\u00fcresi ne kadar s\u00fcrer?<\/strong><\/div>\n<div class=\"text-gray-400 flex self-end lg:self-center justify-center mt-2 gap-4 lg:gap-1 lg:absolute lg:top-0 lg:translate-x-full lg:right-0 lg:mt-0 lg:pl-2\"><\/div>\n<\/div>\n<\/div>\n<\/div>\n<div class=\"w-full border-b border-black\/10 dark:border-gray-900\/50 text-gray-800 dark:text-gray-100 group bg-gray-50 dark:bg-[#444654]\">\n<div class=\"text-base gap-6 m-auto md:max-w-2xl lg:max-w-2xl xl:max-w-3xl p-4 md:py-6 flex lg:px-0\">\n<div class=\"w-[30px] flex flex-col relative items-end\">\n<div class=\"relative h-[30px] w-[30px] p-1 rounded-sm text-white flex items-center justify-center\">\n<p>AirPods Pro&#8217;nun garanti s\u00fcresi, sat\u0131n al\u0131nd\u0131\u011f\u0131 \u00fclkeye g\u00f6re de\u011fi\u015fiklik g\u00f6sterebilir, ancak genellikle bir y\u0131l s\u00fcrer. Bu, \u00fcr\u00fcn\u00fcn sat\u0131n al\u0131nd\u0131\u011f\u0131 tarihten itibaren ba\u015flar ve \u00fcr\u00fcn\u00fcn malzemesi veya i\u015f\u00e7ili\u011finde bir ar\u0131za olmas\u0131 durumunda \u00fccretsiz tamir veya de\u011fi\u015fim i\u00e7in ge\u00e7erlidir.<\/p>\n<p>Garanti s\u00fcresi dolmadan \u00f6nce, \u00fcr\u00fcn\u00fcn malzemesi veya i\u015f\u00e7ili\u011finde bir ar\u0131za olmas\u0131 durumunda, Apple m\u00fc\u015fteri hizmetlerine ba\u015fvurarak \u00fccretsiz tamir veya de\u011fi\u015fim i\u00e7in talep edebilirsiniz. Garanti s\u00fcresi dolmu\u015fsa, \u00fcr\u00fcn\u00fcn tamir veya de\u011fi\u015fimini \u00fccret kar\u015f\u0131l\u0131\u011f\u0131nda yapt\u0131rabilirsiniz.<\/p>\n<p>L\u00fctfen dikkat: Garanti, \u00fcr\u00fcn\u00fcn kullan\u0131m\u0131ndan kaynaklanan hasarlar veya kaza sonucu olu\u015fan hasarlar\u0131 kapsamaz. Ayr\u0131ca, \u00fcr\u00fcn\u00fcn \u00fc\u00e7\u00fcnc\u00fc taraflar taraf\u0131ndan tamir edilmesi veya de\u011fi\u015ftirilen par\u00e7alar\u0131n kullan\u0131lmas\u0131 garanti kapsam\u0131 d\u0131\u015f\u0131nda kal\u0131r.<\/p>\n<\/div>\n<\/div>\n<div class=\"relative flex w-full flex-col lg:w-[calc(100%-115px)]\">\n<div class=\"min-h-[20px] flex flex-col items-start gap-4 whitespace-pre-wrap\">\n<div class=\"request-:r0:-0 markdown prose break-words dark:prose-invert dark\">\n<div class=\"w-full border-b border-black\/10 dark:border-gray-900\/50 text-gray-800 dark:text-gray-100 group dark:bg-gray-800\">\n<div class=\"text-base gap-6 m-auto md:max-w-2xl lg:max-w-2xl xl:max-w-3xl p-4 md:py-6 flex lg:px-0\">\n<div class=\"relative flex w-full flex-col lg:w-[calc(100%-115px)]\">\n<div class=\"min-h-[20px] flex flex-col items-start gap-4 whitespace-pre-wrap\"><strong>AirPods Pro&#8217;nun i\u00e7inde bulunan y\u00fczme tasar\u0131m\u0131 var m\u0131d\u0131r?<\/strong><\/div>\n<div class=\"text-gray-400 flex self-end lg:self-center justify-center mt-2 gap-4 lg:gap-1 lg:absolute lg:top-0 lg:translate-x-full lg:right-0 lg:mt-0 lg:pl-2\"><\/div>\n<\/div>\n<\/div>\n<\/div>\n<div class=\"w-full border-b border-black\/10 dark:border-gray-900\/50 text-gray-800 dark:text-gray-100 group bg-gray-50 dark:bg-[#444654]\">\n<div class=\"text-base gap-6 m-auto md:max-w-2xl lg:max-w-2xl xl:max-w-3xl p-4 md:py-6 flex lg:px-0\">\n<div class=\"w-[30px] flex flex-col relative items-end\">\n<div class=\"relative h-[30px] w-[30px] p-1 rounded-sm text-white flex items-center justify-center\">\n<div class=\"w-full border-b border-black\/10 dark:border-gray-900\/50 text-gray-800 dark:text-gray-100 group bg-gray-50 dark:bg-[#444654]\">\n<div class=\"text-base gap-6 m-auto md:max-w-2xl lg:max-w-2xl xl:max-w-3xl p-4 md:py-6 flex lg:px-0\">\n<div class=\"relative flex w-full flex-col lg:w-[calc(100%-115px)]\">\n<div class=\"min-h-[20px] flex flex-col items-start gap-4 whitespace-pre-wrap\">\n<div class=\"request-:r0:-0 markdown prose break-words dark:prose-invert dark\">\n<p>AirPods Pro, suya dayan\u0131kl\u0131 de\u011fildir ve y\u00fczme i\u00e7in uygun de\u011fildir. Apple, AirPods Pro&#8217;nun suya ve neme kar\u015f\u0131 dayan\u0131kl\u0131 oldu\u011funu belirtir, ancak bu yaln\u0131zca s\u0131radan nemli ortamlarda ya\u015fanan hafif nem ko\u015fullar\u0131n\u0131 kapsar. Y\u00fczme gibi sualt\u0131 etkinlikleri i\u00e7in \u00f6zel olarak tasarlanm\u0131\u015f kulakl\u0131klar kullanman\u0131z \u00f6nerilir.<\/p>\n<\/div>\n<\/div>\n<\/div>\n<\/div>\n<\/div>\n<\/div>\n<\/div>\n<div class=\"relative flex w-full flex-col lg:w-[calc(100%-115px)]\">\n<div class=\"min-h-[20px] flex flex-col items-start gap-4 whitespace-pre-wrap\">\n<div class=\"request-:r0:-0 markdown prose break-words dark:prose-invert dark\"><\/div>\n<\/div>\n<\/div>\n<\/div>\n<\/div>\n<\/div>\n<\/div>\n<\/div>\n<\/div>\n<\/div>\n<\/div>\n<\/div>\n<\/div>\n<\/div>\n<\/div>\n<\/div>\n<\/div>\n<\/div>\n<\/div>\n","protected":false},"excerpt":{"rendered":"<p>AirPods Pro, Apple taraf\u0131ndan \u00fcretilen ve \u00e7\u0131k\u0131\u015f tarihi 2019 olan bir kablosuz kulakl\u0131k modelidir. Bu kulakl\u0131klar, aktif g\u00fcr\u00fclt\u00fc azaltma \u00f6zelli\u011fi, &#8230; <\/p>\n<p class=\"read-more-container\"><a title=\"AirPods Pro \u0130ncelemesi: T\u00fcm \u00d6zellikler, Ses Kalitesi, Pillerin Dayan\u0131m S\u00fcresi ve Daha Fazlas\u0131\" class=\"read-more button\" href=\"https:\/\/blog.papagan.com\/tr\/airpods-pro-incelemesi\/#more-14\" aria-label=\"More on AirPods Pro \u0130ncelemesi: T\u00fcm \u00d6zellikler, Ses Kalitesi, Pillerin Dayan\u0131m S\u00fcresi ve Daha Fazlas\u0131\">Read more<\/a><\/p>\n","protected":false},"author":1,"featured_media":16,"comment_status":"open","ping_status":"open","sticky":false,"template":"","format":"standard","meta":[],"categories":[5],"tags":[6,8,9,7],"_links":{"self":[{"href":"https:\/\/blog.papagan.com\/tr\/wp-json\/wp\/v2\/posts\/14"}],"collection":[{"href":"https:\/\/blog.papagan.com\/tr\/wp-json\/wp\/v2\/posts"}],"about":[{"href":"https:\/\/blog.papagan.com\/tr\/wp-json\/wp\/v2\/types\/post"}],"author":[{"embeddable":true,"href":"https:\/\/blog.papagan.com\/tr\/wp-json\/wp\/v2\/users\/1"}],"replies":[{"embeddable":true,"href":"https:\/\/blog.papagan.com\/tr\/wp-json\/wp\/v2\/comments?post=14"}],"version-history":[{"count":1,"href":"https:\/\/blog.papagan.com\/tr\/wp-json\/wp\/v2\/posts\/14\/revisions"}],"predecessor-version":[{"id":17,"href":"https:\/\/blog.papagan.com\/tr\/wp-json\/wp\/v2\/posts\/14\/revisions\/17"}],"wp:featuredmedia":[{"embeddable":true,"href":"https:\/\/blog.papagan.com\/tr\/wp-json\/wp\/v2\/media\/16"}],"wp:attachment":[{"href":"https:\/\/blog.papagan.com\/tr\/wp-json\/wp\/v2\/media?parent=14"}],"wp:term":[{"taxonomy":"category","embeddable":true,"href":"https:\/\/blog.papagan.com\/tr\/wp-json\/wp\/v2\/categories?post=14"},{"taxonomy":"post_tag","embeddable":true,"href":"https:\/\/blog.papagan.com\/tr\/wp-json\/wp\/v2\/tags?post=14"}],"curies":[{"name":"wp","href":"https:\/\/api.w.org\/{rel}","templated":true}]}}